{"id":185,"date":"2012-07-13T14:21:58","date_gmt":"2012-07-13T12:21:58","guid":{"rendered":"http:\/\/sauseschritt.net\/?p=185"},"modified":"2020-02-25T20:53:06","modified_gmt":"2020-02-25T18:53:06","slug":"raul-hilberg-etappen-und-prozesse-auf-dem-weg-zur-endlosung","status":"publish","type":"post","link":"https:\/\/sauseschritt.net\/?p=185","title":{"rendered":"Raul Hilberg: Etappen und Prozesse auf dem Weg zur \u201eEndl\u00f6sung\u201c"},"content":{"rendered":"<p>Auf der Website der Bundeszentrale f\u00fcr politische Bildung (bpb) ist ein brillianter und bewegender Vortrag des renommierten Historikers <a title=\"Raul Hilberg\" href=\"https:\/\/de.wikipedia.org\/wiki\/Raul_Hilberg\" target=\"_blank\" rel=\"noopener noreferrer\">Raul Hilberg<\/a> (\u2020 2007) \u00fcber die Etappen und Prozesse auf dem Weg&nbsp;zur &nbsp;Vernichtung der europ\u00e4ischen Juden zu sehen. Hilberg zieht in seinen Ausf\u00fchrungen eine Bilanz der Holocaustforschung und blickt zur\u00fcck auf den Umgang mit der NS-Vergangenheit. Den Vortrag hielt Raul Hilberg acht Monate vor seinem Tod im Rahmen der internationalen Konferenz \u201eDer Holocaust im transnationalen Ged\u00e4chtnis\u201c der Bundeszentrale f\u00fcr politische Bildung und des Zentrums f\u00fcr Antisemitismusforschung am 11.12.2006 in Berlin.<\/p>\n<p><em>Das Video des Vortrags von Raul Hilberg ist&nbsp;auf der Website der bpb&nbsp;zu sehen: <\/em><a href=\"https:\/\/www.bpb.de\/geschichte\/nationalsozialismus\/dossier-nationalsozialismus\/39629\/video-interview-raul-hilberg\" target=\"_blank\" rel=\"noopener noreferrer\">https:\/\/www.bpb.de\/geschichte\/nationalsozialismus\/dossier-nationalsozialismus\/39629\/video-interview-raul-hilberg<\/a><\/p>\n","protected":false},"excerpt":{"rendered":"<p>Auf der Website der Bundeszentrale f\u00fcr politische Bildung (bpb) ist ein brillianter und bewegender Vortrag des renommierten Historikers Raul Hilberg (\u2020 2007) \u00fcber die Etappen und Prozesse auf dem Weg&nbsp;zur &nbsp;Vernichtung der europ\u00e4ischen Juden zu sehen. Hilberg zieht in seinen Ausf\u00fchrungen eine Bilanz der Holocaustforschung und blickt zur\u00fcck auf den Umgang mit der NS-Vergangenheit. Den &hellip; <a href=\"https:\/\/sauseschritt.net\/?p=185\" class=\"more-link\"><span class=\"screen-reader-text\">Raul Hilberg: Etappen und Prozesse auf dem Weg zur \u201eEndl\u00f6sung\u201c<\/span> weiterlesen <span class=\"meta-nav\">&rarr;<\/span><\/a><\/p>\n","protected":false},"author":2,"featured_media":0,"comment_status":"closed","ping_status":"closed","sticky":false,"template":"","format":"standard","meta":{"footnotes":""},"categories":[14],"tags":[32,26,29,31,30],"class_list":["post-185","post","type-post","status-publish","format-standard","hentry","category-neuere-geschichte","tag-1933-45","tag-20-jhdt","tag-holocaust","tag-ns","tag-raul-hilberg"],"_links":{"self":[{"href":"https:\/\/sauseschritt.net\/index.php?rest_route=\/wp\/v2\/posts\/185","targetHints":{"allow":["GET"]}}],"collection":[{"href":"https:\/\/sauseschritt.net\/index.php?rest_route=\/wp\/v2\/posts"}],"about":[{"href":"https:\/\/sauseschritt.net\/index.php?rest_route=\/wp\/v2\/types\/post"}],"author":[{"embeddable":true,"href":"https:\/\/sauseschritt.net\/index.php?rest_route=\/wp\/v2\/users\/2"}],"replies":[{"embeddable":true,"href":"https:\/\/sauseschritt.net\/index.php?rest_route=%2Fwp%2Fv2%2Fcomments&post=185"}],"version-history":[{"count":42,"href":"https:\/\/sauseschritt.net\/index.php?rest_route=\/wp\/v2\/posts\/185\/revisions"}],"predecessor-version":[{"id":1012,"href":"https:\/\/sauseschritt.net\/index.php?rest_route=\/wp\/v2\/posts\/185\/revisions\/1012"}],"wp:attachment":[{"href":"https:\/\/sauseschritt.net\/index.php?rest_route=%2Fwp%2Fv2%2Fmedia&parent=185"}],"wp:term":[{"taxonomy":"category","embeddable":true,"href":"https:\/\/sauseschritt.net\/index.php?rest_route=%2Fwp%2Fv2%2Fcategories&post=185"},{"taxonomy":"post_tag","embeddable":true,"href":"https:\/\/sauseschritt.net\/index.php?rest_route=%2Fwp%2Fv2%2Ftags&post=185"}],"curies":[{"name":"wp","href":"https:\/\/api.w.org\/{rel}","templated":true}]}}