{"id":220,"date":"2015-11-10T18:00:27","date_gmt":"2015-11-10T16:00:27","guid":{"rendered":"http:\/\/sauseschritt.net\/?p=220"},"modified":"2020-02-25T20:43:57","modified_gmt":"2020-02-25T18:43:57","slug":"erwarte-vollzugsmeldung-das-krisenmanagement-helmut-schmidts-wahrend-der-sturmflut-1962","status":"publish","type":"post","link":"https:\/\/sauseschritt.net\/?p=220","title":{"rendered":"In memoriam Helmut Schmidt: \u201eErwarte Vollzugsmeldung\u201c"},"content":{"rendered":"<p style=\"text-align: left;\">\u201eDie Hansestadt Hamburg war f\u00fchrerlos und unf\u00e4hig, einen F\u00fchrer zu berufen, als die Sturmflut \u00fcber sie kam. Der F\u00fchrer berief sich selbst.\u201c Mit dieser journalistischen Zuspitzung leitete <em>Der Spiegel<\/em> knapp siebzehn Jahre nach dem Ende des deutschen F\u00fchrerstaates und knapp drei Wochen nach der Sturmflut vom 16.\/17. Februar 1962 einen Bericht unter dem Titel <a title=\"&quot;Herr der Flut&quot;\" href=\"https:\/\/www.spiegel.de\/spiegel\/print\/d-32655070.html\" target=\"_blank\" rel=\"noopener noreferrer\">\u201eHerr der Flut\u201c<\/a> ein. In dem umfangreichen Artikel wird die Leitung des bisher gr\u00f6\u00dften Katastropheneinsatzes in der noch jungen Geschichte der Bundesrepublik Deutschland durch den damaligen Hamburger Innensenator Helmut Schmidt ausf\u00fchrlich geschildert: Der damals 43-j\u00e4hrige Schmidt zeigte sich als Krisenmanager w\u00e4hrend der Sturmflutkatastrophe in Hamburg \u201eforsch, frech und furchtlos\u201c \u2013 er \u201eergriff die Macht\u201c und schickte etwa 25.000 Helfer in den Hilfseinsatz, von denen ein gro\u00dfer Teil Soldaten der Bundeswehr und der B\u00fcndnispartner waren. Die \u201eselbstgezimmerte Befehlshaberstellung\u201c \u00fcber diese Truppen kommentierte Helmut Schmidt damals so: \u201eSie sind mir nicht unterstellt worden, ich habe sie mir genommen.\u201c Niemand scheint Schmidts Autorit\u00e4t damals ernsthaft in Frage gestellt zu haben, obwohl er seine Kompetenzen und die gesetzlichen Bestimmungen eindeutig \u00fcberschritten hat.<\/p>\n<figure style=\"width: 609px\" class=\"wp-caption alignleft\"><a href=\"https:\/\/upload.wikimedia.org\/wikipedia\/commons\/1\/12\/Sturmflut-Hamburg.jpg?uselang=de\" target=\"_blank\" rel=\"https:\/\/commons.wikimedia.org\/wiki\/File:Sturmflut-Hamburg.jpg?uselang=de noopener noreferrer\"><img loading=\"lazy\" decoding=\"async\" src=\"https:\/\/upload.wikimedia.org\/wikipedia\/commons\/1\/12\/Sturmflut-Hamburg.jpg?uselang=de\" alt=\"\" width=\"609\" height=\"916\"><\/a><figcaption class=\"wp-caption-text\">Sturmflut in Hamburg, Februar 1962<\/figcaption><\/figure>\n<p style=\"text-align: left;\"><em>Den gesamten Text zum Krisenmanagment des damaligen Senators Helmut Schmidt w\u00e4hrend der Sturmflut 1962 in Hamburg k\u00f6nnen Sie hier herunterladen:<br \/>\n<\/em><a href=\"https:\/\/sauseschritt.net\/wp-content\/uploads\/2012\/07\/HA_Peter_Rose_Erwarte_Vollzugsmeldung.pdf\" target=\"_blank\" rel=\"noopener noreferrer\"><img loading=\"lazy\" decoding=\"async\" class=\"alignleft size-full wp-image-272\" src=\"https:\/\/sauseschritt.net\/wp-content\/uploads\/2012\/07\/pdf_icon1.jpg\" alt=\"PDF Download\" width=\"50\" height=\"52\"><\/a><\/p>\n<p><a title=\"Erwarte Vollzugsmeldung\" href=\"https:\/\/sauseschritt.net\/wp-content\/uploads\/2012\/07\/HA_Peter_Rose_Erwarte_Vollzugsmeldung.pdf\" target=\"_blank\" rel=\"noopener noreferrer\">\u201eErwarte Vollzugsmeldung\u201c &#8211; Das Krisenmanagement Helmut Schmidts w\u00e4hrend der Sturmflut 1962 in der Selbst- und Fremdwahrnehmung<\/a><br \/>\n(Download PDF, 219 kB)<\/p>\n<p><a title=\"Helmut Schmidt und die Sturmflut 1962\" href=\"http:\/\/www.youtube.com\/results?search_query=Helmut+Schmidt+Sturmflut+1962&amp;oq=Helmut+Schmidt+Sturmflut+1962\" target=\"_blank\" rel=\"noopener noreferrer\">Filme auf youtube zum Thema Helmut Schmidt und die Sturmflut 1962<\/a><\/p>\n","protected":false},"excerpt":{"rendered":"<p>\u201eDie Hansestadt Hamburg war f\u00fchrerlos und unf\u00e4hig, einen F\u00fchrer zu berufen, als die Sturmflut \u00fcber sie kam. Der F\u00fchrer berief sich selbst.\u201c Mit dieser journalistischen Zuspitzung leitete Der Spiegel knapp siebzehn Jahre nach dem Ende des deutschen F\u00fchrerstaates und knapp drei Wochen nach der Sturmflut vom 16.\/17. Februar 1962 einen Bericht unter dem Titel \u201eHerr &hellip; <a href=\"https:\/\/sauseschritt.net\/?p=220\" class=\"more-link\"><span class=\"screen-reader-text\">In memoriam Helmut Schmidt: \u201eErwarte Vollzugsmeldung\u201c<\/span> weiterlesen <span class=\"meta-nav\">&rarr;<\/span><\/a><\/p>\n","protected":false},"author":2,"featured_media":0,"comment_status":"closed","ping_status":"closed","sticky":false,"template":"","format":"standard","meta":{"footnotes":""},"categories":[14],"tags":[35,26,38,36,37,39],"class_list":["post-220","post","type-post","status-publish","format-standard","hentry","category-neuere-geschichte","tag-35","tag-20-jhdt","tag-bundeswehr","tag-hamburg","tag-helmut-schmidt","tag-sturmflut"],"_links":{"self":[{"href":"https:\/\/sauseschritt.net\/index.php?rest_route=\/wp\/v2\/posts\/220","targetHints":{"allow":["GET"]}}],"collection":[{"href":"https:\/\/sauseschritt.net\/index.php?rest_route=\/wp\/v2\/posts"}],"about":[{"href":"https:\/\/sauseschritt.net\/index.php?rest_route=\/wp\/v2\/types\/post"}],"author":[{"embeddable":true,"href":"https:\/\/sauseschritt.net\/index.php?rest_route=\/wp\/v2\/users\/2"}],"replies":[{"embeddable":true,"href":"https:\/\/sauseschritt.net\/index.php?rest_route=%2Fwp%2Fv2%2Fcomments&post=220"}],"version-history":[{"count":36,"href":"https:\/\/sauseschritt.net\/index.php?rest_route=\/wp\/v2\/posts\/220\/revisions"}],"predecessor-version":[{"id":1001,"href":"https:\/\/sauseschritt.net\/index.php?rest_route=\/wp\/v2\/posts\/220\/revisions\/1001"}],"wp:attachment":[{"href":"https:\/\/sauseschritt.net\/index.php?rest_route=%2Fwp%2Fv2%2Fmedia&parent=220"}],"wp:term":[{"taxonomy":"category","embeddable":true,"href":"https:\/\/sauseschritt.net\/index.php?rest_route=%2Fwp%2Fv2%2Fcategories&post=220"},{"taxonomy":"post_tag","embeddable":true,"href":"https:\/\/sauseschritt.net\/index.php?rest_route=%2Fwp%2Fv2%2Ftags&post=220"}],"curies":[{"name":"wp","href":"https:\/\/api.w.org\/{rel}","templated":true}]}}