{"id":312,"date":"2012-07-13T20:50:00","date_gmt":"2012-07-13T18:50:00","guid":{"rendered":"http:\/\/sauseschritt.net\/?p=312"},"modified":"2020-02-25T20:52:40","modified_gmt":"2020-02-25T18:52:40","slug":"der-dritte-punische-krieg","status":"publish","type":"post","link":"https:\/\/sauseschritt.net\/?p=312","title":{"rendered":"Der Dritte Punische Krieg &#8211; ein &#8222;gerechter&#8220; Krieg?"},"content":{"rendered":"<p style=\"text-align: left;\"><img loading=\"lazy\" decoding=\"async\" class=\"alignleft\" title=\"Karthago bis 146 v. Chr. Belagerung Karthagos durch Publius Cornelius Scipio Aemilianus Africanus. F. W. Putzgers Historischer Schul-Atlas, 1901\" src=\"https:\/\/upload.wikimedia.org\/wikipedia\/commons\/6\/69\/Karthago_Scipio.JPG\" alt=\"Belagerung Karthagos durch Publius Cornelius Scipio Aemilianus Africanus. F. W. Putzgers Historischer Schul-Atlas, 1901\" width=\"458\" height=\"485\"><\/p>\n<p>In \u201eeiner beispiellos perfiden Art\u201c und einer \u201eder gr\u00f6\u00dften Ruchlosigkeiten, deren sich die r\u00f6mische Politik jemals schuldig gemacht hat\u201c hat Rom den dritten und letzten Krieg gegen Karthago systematisch vorbereitet und durchgef\u00fchrt, so lautet das Urteil der deutschen Althistoriker Jochen Bleicken und Alfred Heuss. Die von Polybios beschriebenen zeitgen\u00f6ssischen Bewertungen stellen ebenfalls \u201eT\u00e4uschung und List\u201c beim Vorgehen der R\u00f6mer gegen die Karthager fest, andere da\u00admalige Stimmen betonen die Rechtm\u00e4\u00dfigkeit des r\u00f6mischen Vorgehens.&nbsp;Mit den&nbsp;Mo\u00adtiven Roms f\u00fcr diesen finalen Krieg gegen Karthago haben sich viele Generationen von Historikern besch\u00e4f\u00adtigt und sind dabei zu verschiedenen, bisher aber nicht restlos \u00fcberzeugenden Ergebnissen gekommen.<\/p>\n<p>Stand die totale Zerst\u00f6rung Karthagos im Einklang mit dem r\u00f6mischen Anspruch eines \u201egerechten Krieges&#8220;? Oder war dieser Krieg tats\u00e4chlich \u201eperfide\u201c und \u201eruchlos\u201c oder \u2013 weniger pathetisch ausgedr\u00fcckt \u2013 ungerecht?<\/p>\n<p><em>Im folgenden Aufsatz wird versucht, Antworten auf diese Fragen etwas n\u00e4her zu kommen:<br \/>\n<\/em><a href=\"https:\/\/sauseschritt.net\/wp-content\/uploads\/2012\/07\/HA_Peter_Rose_Der_Dritte_Punische_Krieg.pdf\" target=\"_blank\" rel=\"noopener noreferrer\"><img loading=\"lazy\" decoding=\"async\" title=\"PDF Download\" src=\"https:\/\/sauseschritt.net\/wp-content\/uploads\/2012\/07\/pdf_icon1.jpg\" alt=\"\" width=\"50\" height=\"52\"><br \/>\nDer Dritte Punische Krieg &#8211; Anspruch und Wirklichkeit der r\u00f6mischen Maxime vom gerechten Krieg<\/a><br \/>\n(Download PDF, 109 kB)<\/p>\n","protected":false},"excerpt":{"rendered":"<p>In \u201eeiner beispiellos perfiden Art\u201c und einer \u201eder gr\u00f6\u00dften Ruchlosigkeiten, deren sich die r\u00f6mische Politik jemals schuldig gemacht hat\u201c hat Rom den dritten und letzten Krieg gegen Karthago systematisch vorbereitet und durchgef\u00fchrt, so lautet das Urteil der deutschen Althistoriker Jochen Bleicken und Alfred Heuss. Die von Polybios beschriebenen zeitgen\u00f6ssischen Bewertungen stellen ebenfalls \u201eT\u00e4uschung und List\u201c &hellip; <a href=\"https:\/\/sauseschritt.net\/?p=312\" class=\"more-link\"><span class=\"screen-reader-text\">Der Dritte Punische Krieg &#8211; ein &#8222;gerechter&#8220; Krieg?<\/span> weiterlesen <span class=\"meta-nav\">&rarr;<\/span><\/a><\/p>\n","protected":false},"author":2,"featured_media":0,"comment_status":"closed","ping_status":"closed","sticky":false,"template":"","format":"standard","meta":{"footnotes":""},"categories":[47],"tags":[50,51,52,48,49],"class_list":["post-312","post","type-post","status-publish","format-standard","hentry","category-alte-geschichte","tag-149-146-v-chr","tag-bellum-iustum","tag-gerechter-krieg","tag-karthago","tag-rom"],"_links":{"self":[{"href":"https:\/\/sauseschritt.net\/index.php?rest_route=\/wp\/v2\/posts\/312","targetHints":{"allow":["GET"]}}],"collection":[{"href":"https:\/\/sauseschritt.net\/index.php?rest_route=\/wp\/v2\/posts"}],"about":[{"href":"https:\/\/sauseschritt.net\/index.php?rest_route=\/wp\/v2\/types\/post"}],"author":[{"embeddable":true,"href":"https:\/\/sauseschritt.net\/index.php?rest_route=\/wp\/v2\/users\/2"}],"replies":[{"embeddable":true,"href":"https:\/\/sauseschritt.net\/index.php?rest_route=%2Fwp%2Fv2%2Fcomments&post=312"}],"version-history":[{"count":26,"href":"https:\/\/sauseschritt.net\/index.php?rest_route=\/wp\/v2\/posts\/312\/revisions"}],"predecessor-version":[{"id":1011,"href":"https:\/\/sauseschritt.net\/index.php?rest_route=\/wp\/v2\/posts\/312\/revisions\/1011"}],"wp:attachment":[{"href":"https:\/\/sauseschritt.net\/index.php?rest_route=%2Fwp%2Fv2%2Fmedia&parent=312"}],"wp:term":[{"taxonomy":"category","embeddable":true,"href":"https:\/\/sauseschritt.net\/index.php?rest_route=%2Fwp%2Fv2%2Fcategories&post=312"},{"taxonomy":"post_tag","embeddable":true,"href":"https:\/\/sauseschritt.net\/index.php?rest_route=%2Fwp%2Fv2%2Ftags&post=312"}],"curies":[{"name":"wp","href":"https:\/\/api.w.org\/{rel}","templated":true}]}}