{"id":446,"date":"2012-08-08T15:52:27","date_gmt":"2012-08-08T13:52:27","guid":{"rendered":"http:\/\/sauseschritt.net\/?p=446"},"modified":"2020-02-25T20:52:11","modified_gmt":"2020-02-25T18:52:11","slug":"okkupation-segregation-konzentration-deportation","status":"publish","type":"post","link":"https:\/\/sauseschritt.net\/?p=446","title":{"rendered":"Okkupation \u2013 Segregation \u2013 Konzentration \u2013 Deportation"},"content":{"rendered":"<p><strong>Der Weg der westeurop\u00e4ischen Juden in die nationalsozialistischen Konzentrations- und Vernichtungslager<\/strong><\/p>\n<p><a href=\"https:\/\/upload.wikimedia.org\/wikipedia\/commons\/a\/a6\/Yellow_star_Juif.gif?uselang=de\" target=\"_blank\" rel=\"noopener noreferrer\"><img loading=\"lazy\" decoding=\"async\" class=\"aligncenter\" title=\"Judenabzeichen besetztes Frankreich - CC Olve Utne \" src=\"https:\/\/upload.wikimedia.org\/wikipedia\/commons\/a\/a6\/Yellow_star_Juif.gif?uselang=de\" alt=\"CC Olve Utne \" width=\"497\" height=\"564\"><\/a>\u201eIm Zuge der praktischen Durchf\u00fchrung der Endl\u00f6sung wird Europa vom Westen nach Osten durchk\u00e4mmt.\u201c Um dieses monstr\u00f6se Vorhaben, das w\u00e4hrend der Wannsee-Konferenz am 20. Januar 1942 in Berlin beschlossen und protokolliert wurde, umsetzen zu k\u00f6nnen, mussten auch in den besetzen Gebieten Westeuropas zun\u00e4chst die organisatorischen und logistischen Voraussetzungen f\u00fcr die sogenannte \u201eEndl\u00f6sung der Judenfrage\u201c geschaffen werden. Nach der Lekt\u00fcre des ihm zugesandten Protokolls der Wannsee-Konferenz schrieb Propagandaminister Joseph Goebbels in sein Tagebuch: \u201eDie Judenfrage mu\u00df jetzt im gesamteurop\u00e4ischen Rahmen gel\u00f6st werden.\u201c Nach einem Treffen mit Hitler machte Goebbels f\u00fcr den 20. M\u00e4rz 1942 folgenden Eintrag: \u201eWir sprechen zum Schlu\u00df noch \u00fcber die Judenfrage. Hier bleibt der F\u00fchrer nach wie vor unerbittlich. Die Juden m\u00fcssen aus Europa heraus, wenn n\u00f6tig unter Anwendung der brutalsten Mittel.\u201c Eine Woche sp\u00e4ter vermerkte Goebbels in seinem Tagebuch, es werde \u201eein barbarisches und nicht n\u00e4her zu beschreibendes Verfahren angewandt, und von den Juden selbst bleibt nicht mehr viel \u00fcbrig.\u201c F\u00fcr den 30. Mai 1942 notierte Goebbels, dass es das Ziel des F\u00fchrers sei, \u201eWesteuropa g\u00e4nzlich judenfrei zu machen.\u201c An diesen Aufzeichnungen von Goebbels wird deutlich, wie sich das Gedankengut der NS-F\u00fchrung bez\u00fcglich der \u201eEndl\u00f6sung\u201c der Judenfrage sp\u00e4testens nach der Wannsee-Konferenz zunehmend radikalisiert hat und vor der Anwendung von \u201ebrutalsten Mitteln\u201c und \u201ebarbarischen Verfahren\u201c auch f\u00fcr die Juden aus dem besetzten Westeuropa nicht mehr zur\u00fcckgeschreckt wurde.<\/p>\n<div>\n<p>Die&nbsp;deutsche Besetzung Westeuropas und die dort&nbsp;rasch&nbsp;einsetzende Judenverfolgung bis hin zur Deportation und Ermordung der westeurop\u00e4ischen&nbsp;j\u00fcdischen Bev\u00f6lkerung&nbsp;wirft viele Fragen auf: Wie haben die deutschen Besatzer die j\u00fcdische Bev\u00f6lkerung in Westeuropa \u00fcberhaupt identifiziert? Warum konnten in relativ kurzer Zeit so viele westeurop\u00e4ische Juden verhaftet und in die nationalsozialistischen Konzentrations- und Vernichtungslager verschleppt werden? Warum konnten die antij\u00fcdischen Ma\u00dfnahmen und Gesetze in L\u00e4ndern mit liberaler und demokratischer Tradition so schnell umgesetzt werden? Wer hat die notwendigen organisatorischen und logistischen Ma\u00dfnahmen f\u00fcr die Deportationen geplant und durchgef\u00fchrt?<\/p>\n<p><em>Eine Anwort auf diese Fragen&nbsp;versucht der folgende Aufsatz zu geben, den Sie&nbsp;hier herunterladen k\u00f6nnen:<br \/>\n<\/em><a href=\"https:\/\/sauseschritt.net\/wp-content\/uploads\/2012\/08\/HA_Peter_Rose_Okkupation-Segregation-Konzentration-Deportation.pdf\" target=\"_blank\" rel=\"noopener noreferrer\"><img loading=\"lazy\" decoding=\"async\" title=\"PDF Download\" src=\"https:\/\/sauseschritt.net\/wp-content\/uploads\/2012\/07\/pdf_icon1.jpg\" alt=\"\" width=\"50\" height=\"52\"><\/a><br \/>\n<a href=\"https:\/\/sauseschritt.net\/wp-content\/uploads\/2012\/08\/HA_Peter_Rose_Okkupation-Segregation-Konzentration-Deportation.pdf\"><strong>Okkupation \u2013 Segregation \u2013 Konzentration \u2013 Deportation<\/strong><br \/>\nDer Weg der westeurop\u00e4ischen Juden in die nationalsozialistischen<br \/>\nKonzentrations- und Vernichtungslager<\/a><br \/>\n(Download PDF, 169 kB)<\/p>\n<\/div>\n","protected":false},"excerpt":{"rendered":"<p>Der Weg der westeurop\u00e4ischen Juden in die nationalsozialistischen Konzentrations- und Vernichtungslager \u201eIm Zuge der praktischen Durchf\u00fchrung der Endl\u00f6sung wird Europa vom Westen nach Osten durchk\u00e4mmt.\u201c Um dieses monstr\u00f6se Vorhaben, das w\u00e4hrend der Wannsee-Konferenz am 20. Januar 1942 in Berlin beschlossen und protokolliert wurde, umsetzen zu k\u00f6nnen, mussten auch in den besetzen Gebieten Westeuropas zun\u00e4chst die &hellip; <a href=\"https:\/\/sauseschritt.net\/?p=446\" class=\"more-link\"><span class=\"screen-reader-text\">Okkupation \u2013 Segregation \u2013 Konzentration \u2013 Deportation<\/span> weiterlesen <span class=\"meta-nav\">&rarr;<\/span><\/a><\/p>\n","protected":false},"author":2,"featured_media":0,"comment_status":"closed","ping_status":"closed","sticky":false,"template":"","format":"standard","meta":{"footnotes":""},"categories":[14],"tags":[32,26,66,68,67,29,62,63,65,31,64,82],"class_list":["post-446","post","type-post","status-publish","format-standard","hentry","category-neuere-geschichte","tag-1933-45","tag-20-jhdt","tag-belgien","tag-europa","tag-frankreich","tag-holocaust","tag-judenverfolgung","tag-konzentrationslager","tag-niederlande","tag-ns","tag-vernichtungslager","tag-zweiter-weltkrieg"],"_links":{"self":[{"href":"https:\/\/sauseschritt.net\/index.php?rest_route=\/wp\/v2\/posts\/446","targetHints":{"allow":["GET"]}}],"collection":[{"href":"https:\/\/sauseschritt.net\/index.php?rest_route=\/wp\/v2\/posts"}],"about":[{"href":"https:\/\/sauseschritt.net\/index.php?rest_route=\/wp\/v2\/types\/post"}],"author":[{"embeddable":true,"href":"https:\/\/sauseschritt.net\/index.php?rest_route=\/wp\/v2\/users\/2"}],"replies":[{"embeddable":true,"href":"https:\/\/sauseschritt.net\/index.php?rest_route=%2Fwp%2Fv2%2Fcomments&post=446"}],"version-history":[{"count":38,"href":"https:\/\/sauseschritt.net\/index.php?rest_route=\/wp\/v2\/posts\/446\/revisions"}],"predecessor-version":[{"id":1010,"href":"https:\/\/sauseschritt.net\/index.php?rest_route=\/wp\/v2\/posts\/446\/revisions\/1010"}],"wp:attachment":[{"href":"https:\/\/sauseschritt.net\/index.php?rest_route=%2Fwp%2Fv2%2Fmedia&parent=446"}],"wp:term":[{"taxonomy":"category","embeddable":true,"href":"https:\/\/sauseschritt.net\/index.php?rest_route=%2Fwp%2Fv2%2Fcategories&post=446"},{"taxonomy":"post_tag","embeddable":true,"href":"https:\/\/sauseschritt.net\/index.php?rest_route=%2Fwp%2Fv2%2Ftags&post=446"}],"curies":[{"name":"wp","href":"https:\/\/api.w.org\/{rel}","templated":true}]}}