{"id":539,"date":"2012-08-26T17:50:54","date_gmt":"2012-08-26T15:50:54","guid":{"rendered":"http:\/\/sauseschritt.net\/?p=539"},"modified":"2020-02-25T20:51:30","modified_gmt":"2020-02-25T18:51:30","slug":"strasenraub-im-spatmittelalter","status":"publish","type":"post","link":"https:\/\/sauseschritt.net\/?p=539","title":{"rendered":"Stra\u00dfenraub im Sp\u00e4tmittelalter"},"content":{"rendered":"<p><a href=\"https:\/\/upload.wikimedia.org\/wikipedia\/commons\/8\/8e\/Duerer_-_Ritter%2C_Tod_und_Teufel_%28Der_Reuther%29.jpg\" target=\"_blank\" rel=\"noopener noreferrer\"><img loading=\"lazy\" decoding=\"async\" class=\"aligncenter\" title=\"Ritter, Tod und Teufel - Albrecht D\u00fcrer, 1513\" src=\"https:\/\/upload.wikimedia.org\/wikipedia\/commons\/thumb\/archive\/8\/8e\/20120916125814%21Duerer_-_Ritter%2C_Tod_und_Teufel_%28Der_Reuther%29.jpg\/460px-Duerer_-_Ritter%2C_Tod_und_Teufel_%28Der_Reuther%29.jpg\" alt=\"Ritter, Tod und Teufel - Albrecht D\u00fcrer, 1513\" width=\"453\" height=\"590\"><\/a>Auf der Stra\u00dfe beraubt zu werden geh\u00f6rte im sp\u00e4ten Mittelalter zu den allt\u00e4glichen Risiken der Kaufleute und Reisenden. Auch wenn Wegelagereien und \u00dcberf\u00e4lle nicht t\u00e4glich geschahen, so konnten sie doch jederzeit stattfinden. Die Gefahr, die damals auf den Stra\u00dfen lauerte, war den Kaufleuten und Reisenden damals etwa ebenso bewusst, wie den heutigen Menschen die M\u00f6glichkeit eines Verkehrsunfalls.<\/p>\n<p>Dem Problem des Stra\u00dfenraubes ist &#8211; neben vielen anderen Themen &#8211; in der L\u00fcbecker Ratschronik ein breiter Raum gegeben worden. In dieser offiziellen st\u00e4dtischen Schrift wurden von 1438 bis 1482 zahlreiche Ereignisse dokumentiert, die von politischem, wirtschaftlichem und gesellschaftlichem Interesse f\u00fcr die Hansestadt L\u00fcbeck waren.<\/p>\n<p>Diese sp\u00e4tmittelalterliche Quelle kann vielleicht Antworten auf&nbsp;einige Fragen geben: Wie haben sich die Chronisten sich mit dem Thema Stra\u00dfenraub auseinandergesetzt und die betreffenden Ereignisse dargestellt? Beim Lesen der L\u00fcbecker Ratschronik f\u00e4llt auf, dass in den Berichten der Chronik keine klaren Grenzen zwischen einem unrechtm\u00e4\u00dfigen Raub\u00fcberfall und eines rechtm\u00e4\u00dfigen Raubzuges als Folge einer ritterlichen Fehde gezogen wurden, so dass&nbsp;weitere Fragen naheliegen: Haben die Chronisten hier vielleicht ganz bewusst Recht und Unrecht vermischt? Wenn ja, welche Absichten&nbsp;haben sie m\u00f6glicherweise dabei verfolgt? Welcher Herkunft waren eigentlich die Stra\u00dfenr\u00e4uber? Hat die st\u00e4dtische Gerichtsbarkeit&nbsp;\u201egleiches Recht f\u00fcr alle\u201c gesprochen oder wurden adelige&nbsp;Stra\u00dfenr\u00e4uber vielleicht milder bestraft?<\/p>\n<p><em>M\u00f6gliche Antworten auf diese Fragen und eine Darstellung des sp\u00e4tmittelalterlichen Stra\u00dfenraubs auf&nbsp;hansischen&nbsp;Handelsstra\u00dfen in Norddeutschland finden Sie hier:<\/em><\/p>\n<p><a title=\"wedder god recht unde ere - Stra\u00dfenraub im spiegel der L\u00fcbecker Ratschronik\" href=\"https:\/\/sauseschritt.net\/wp-content\/uploads\/2012\/09\/HA_Peter_Rose_wedder-God_recht_unde_ere.pdf\" target=\"_blank\" rel=\"noopener noreferrer\"><em>wedder God, recht unde ere<\/em> &#8211; Stra\u00dfenraub im Spiegel der L\u00fcbecker Ratschronik<\/a><span style=\"color: #000000; font-family: Times New Roman; font-size: small;\"><br \/>\n<a href=\"https:\/\/sauseschritt.net\/wp-content\/uploads\/2012\/09\/HA_Peter_Rose_wedder-God_recht_unde_ere.pdf\" target=\"_blank\" rel=\"noopener noreferrer\"><img loading=\"lazy\" decoding=\"async\" class=\"alignleft size-full wp-image-272\" title=\"PDF Download\" src=\"https:\/\/sauseschritt.net\/wp-content\/uploads\/2012\/07\/pdf_icon1.jpg\" alt=\"\" width=\"50\" height=\"52\"><\/a><\/span><\/p>\n<p>&nbsp;<\/p>\n<p>(Download PDF, 210 kB)<\/p>\n","protected":false},"excerpt":{"rendered":"<p>Auf der Stra\u00dfe beraubt zu werden geh\u00f6rte im sp\u00e4ten Mittelalter zu den allt\u00e4glichen Risiken der Kaufleute und Reisenden. Auch wenn Wegelagereien und \u00dcberf\u00e4lle nicht t\u00e4glich geschahen, so konnten sie doch jederzeit stattfinden. Die Gefahr, die damals auf den Stra\u00dfen lauerte, war den Kaufleuten und Reisenden damals etwa ebenso bewusst, wie den heutigen Menschen die M\u00f6glichkeit &hellip; <a href=\"https:\/\/sauseschritt.net\/?p=539\" class=\"more-link\"><span class=\"screen-reader-text\">Stra\u00dfenraub im Sp\u00e4tmittelalter<\/span> weiterlesen <span class=\"meta-nav\">&rarr;<\/span><\/a><\/p>\n","protected":false},"author":2,"featured_media":0,"comment_status":"closed","ping_status":"closed","sticky":false,"template":"","format":"standard","meta":{"footnotes":""},"categories":[9],"tags":[28,70,72,71,12,69],"class_list":["post-539","post","type-post","status-publish","format-standard","hentry","category-mittelalter","tag-15-jhdt","tag-hanse","tag-lubeck","tag-norddeutschland","tag-spatmittelalter","tag-strasenraub"],"_links":{"self":[{"href":"https:\/\/sauseschritt.net\/index.php?rest_route=\/wp\/v2\/posts\/539","targetHints":{"allow":["GET"]}}],"collection":[{"href":"https:\/\/sauseschritt.net\/index.php?rest_route=\/wp\/v2\/posts"}],"about":[{"href":"https:\/\/sauseschritt.net\/index.php?rest_route=\/wp\/v2\/types\/post"}],"author":[{"embeddable":true,"href":"https:\/\/sauseschritt.net\/index.php?rest_route=\/wp\/v2\/users\/2"}],"replies":[{"embeddable":true,"href":"https:\/\/sauseschritt.net\/index.php?rest_route=%2Fwp%2Fv2%2Fcomments&post=539"}],"version-history":[{"count":30,"href":"https:\/\/sauseschritt.net\/index.php?rest_route=\/wp\/v2\/posts\/539\/revisions"}],"predecessor-version":[{"id":1009,"href":"https:\/\/sauseschritt.net\/index.php?rest_route=\/wp\/v2\/posts\/539\/revisions\/1009"}],"wp:attachment":[{"href":"https:\/\/sauseschritt.net\/index.php?rest_route=%2Fwp%2Fv2%2Fmedia&parent=539"}],"wp:term":[{"taxonomy":"category","embeddable":true,"href":"https:\/\/sauseschritt.net\/index.php?rest_route=%2Fwp%2Fv2%2Fcategories&post=539"},{"taxonomy":"post_tag","embeddable":true,"href":"https:\/\/sauseschritt.net\/index.php?rest_route=%2Fwp%2Fv2%2Ftags&post=539"}],"curies":[{"name":"wp","href":"https:\/\/api.w.org\/{rel}","templated":true}]}}