{"id":667,"date":"2012-09-24T20:27:29","date_gmt":"2012-09-24T18:27:29","guid":{"rendered":"http:\/\/sauseschritt.net\/?p=667"},"modified":"2020-02-25T20:50:31","modified_gmt":"2020-02-25T18:50:31","slug":"die-umwandererzentralstelle-des-reichsicherheitshauptamtes","status":"publish","type":"post","link":"https:\/\/sauseschritt.net\/?p=667","title":{"rendered":"Umwandererzentralstelle des Reichssicherheitshauptamtes"},"content":{"rendered":"<p><a href=\"https:\/\/upload.wikimedia.org\/wikipedia\/commons\/0\/08\/Bundesarchiv_R_49_Bild-0131%2C_Aussiedlung_von_Polen_im_Wartheland.jpg\" target=\"_blank\" rel=\"noopener noreferrer\"><img loading=\"lazy\" decoding=\"async\" class=\"aligncenter\" title=\"Aussiedlung von Polen im Wartheland, 1939 - Bundesarchiv, R 49 Bild-0131 \/ CC-BY-SA\" src=\"http:\/\/upload.wikimedia.org\/wikipedia\/commons\/0\/08\/Bundesarchiv_R_49_Bild-0131%2C_Aussiedlung_von_Polen_im_Wartheland.jpg\" alt=\"Aussiedlung von Polen im Wartheland, 1939 - Bundesarchiv, R 49 Bild-0131 \/ CC-BY-SA\" width=\"580\" height=\"398\"><\/a>Nach dem milit\u00e4rischen Sieg \u00fcber Polen am 6. Oktober 1939 wurden die westlichen Gebiete Polens dem Deutschen Reich angegliedert. Die hier beheima\u00adteten Polen wurden teilweise so\u00adfort in Richtung Osten vertrieben, die polnische F\u00fchrungsschicht wurde in Konzentrationsla\u00adger verbracht oder gleich ermordet.<\/p>\n<p>Die zur\u00fcckbleibende einheimische Bev\u00f6lkerung war weitestgehend rechtlos der Willk\u00fcr deutscher Beh\u00f6rden ausgesetzt. Deutsch wurde die ein\u00adzige Amtsspra\u00adche, alle polnischen Orts- und Stra\u00dfennamen wurden durch deutsche Namen ersetzt. In den angegliederten Gebieten wurden polnische Schulen, Theater, Museen, \u00f6ffentliche Bibliothe\u00adken, Buch- und Zeitungshandlungen und alle anderen kulturellen Einrichtungen geschlossen und der Gebrauch der polnischen Sprache verboten.<\/p>\n<p>Die neu gegr\u00fcndeten Reichsgaue wurden als \u201eExerzierplatz f\u00fcr den Nationalsozialismus\u201c angesehen und es sollte auf der Grundlage der rassisti\u00adschen&nbsp; NS-Ideologie&nbsp; eine deutsche und nationalsozialistische Mustergesellschaft entste\u00adhen. Um dieses Ziel zu erreichen, war es aus Sicht der Planer notwendig, deutsche Minderheiten aus Osteuropa, die soge\u00adnannten \u201eVolks\u00addeutschen\u201c, in den neuen Reichsgebieten anzusiedeln.&nbsp; Die Assimilierung der polnischen Be\u00adv\u00f6lkerung war grunds\u00e4tzlich nicht erw\u00fcnscht, denn die Polen galten in der NS-Ideologie als rassisch minderwertig und sollten lediglich als billiges Arbeitskr\u00e4ftereservoir ausgebeutet werden.<\/p>\n<p>Den Rahmen dieser brutalen Besatzungspolitik steckte der \u201eF\u00fchrer\u201c und Reichskanzler Adolf Hitler am 17. Oktober 1939 vor Vertretern des Oberkommandos der Wehrmacht und der Reichsministe\u00adrien ab:&nbsp; Es m\u00fcsse ein \u201eharter Volkstumskampf\u201c gef\u00fchrt werden, der \u201ekeine gesetzlichen Bindungen\u201c gestatte. Restpolen, das sogenannte Generalgouvernement, solle es erm\u00f6glichen \u201edas alte und neue Reichsgebiet zu s\u00e4ubern von Juden, Polacken und Gesindel\u201c, so der deutsche Reichskanzler.<\/p>\n<p>Diese in den Augen der NS-F\u00fchrung notwendige \u201erassische Flurbereinigung\u201c wurde unter der Federf\u00fchrung des am 7. Oktober 1939 zum Reichskommissar zur Festigung des deutschen Volkstums ernannten Reichsf\u00fchrers SS Heinrich Himmler geplant und organisiert. Himmler sah die Weiten des Ostens als Aufnahmegebiet eines stetigen Stroms junger, arischer Menschen an. Sie sollten als Bauernfamilien das \u201edeutsche Wesen\u201c und die \u201edeutsche Effektivit\u00e4t\u201c immer weiter nach Osten tragen. Die nationalsozialistische Planung sah von West nach Ost einen deutschen, einen polnischen und einen j\u00fcdischen Siedlungsg\u00fcr\u00adtel im deutsch besetzten Teil Polens vor.<\/p>\n<p>Um Platz f\u00fcr die Volksdeutschen zu schaffen, ordnete Himmler am 30. Oktober 1939 an, dass in den folgenden vier Monaten alle 550.000 Juden und \u201eeine noch vorzuschlagende An\u00adzahl besonders feindlicher polnischer Bev\u00f6lke\u00adrung\u201c aus den an\u00adnektierten polnischen Westge\u00adbieten abgeschoben werden sollten. Insgesamt rechnete Himmler hier mit einer Anzahl von mehr als einer Million umzusiedelnder Men\u00adschen.<\/p>\n<p><em>Im folgenden Aufsatz wird die Rolle und Bedeutung der Umwandererzentralstelle f\u00fcr die seit September 1939 rasch einsetztende Eskalation von einer Umsiedlungs- und Vertreibungspolitik zur Vernichtungspolitik der NS-Herrscher im deutsch besetzten Polen n\u00e4her beleuchtet.<\/em><\/p>\n<p><a href=\"https:\/\/sauseschritt.net\/wp-content\/uploads\/2012\/09\/HA_Peter_Rose_Umwanderzentralstelle_RSHA.pdf\">Die Umwandererzentralstelle des Reichssicherheitshauptamtes<br \/>\n<img loading=\"lazy\" decoding=\"async\" class=\"alignleft size-full wp-image-272\" title=\"PDF Download\" src=\"https:\/\/sauseschritt.net\/wp-content\/uploads\/2012\/07\/pdf_icon1.jpg\" alt=\"\" width=\"50\" height=\"52\"><\/a><\/p>\n<p>&nbsp;<\/p>\n<p>(Download PDF, 124 kB)<\/p>\n","protected":false},"excerpt":{"rendered":"<p>Nach dem milit\u00e4rischen Sieg \u00fcber Polen am 6. Oktober 1939 wurden die westlichen Gebiete Polens dem Deutschen Reich angegliedert. Die hier beheima\u00adteten Polen wurden teilweise so\u00adfort in Richtung Osten vertrieben, die polnische F\u00fchrungsschicht wurde in Konzentrationsla\u00adger verbracht oder gleich ermordet. Die zur\u00fcckbleibende einheimische Bev\u00f6lkerung war weitestgehend rechtlos der Willk\u00fcr deutscher Beh\u00f6rden ausgesetzt. Deutsch wurde die &hellip; <a href=\"https:\/\/sauseschritt.net\/?p=667\" class=\"more-link\"><span class=\"screen-reader-text\">Umwandererzentralstelle des Reichssicherheitshauptamtes<\/span> weiterlesen <span class=\"meta-nav\">&rarr;<\/span><\/a><\/p>\n","protected":false},"author":2,"featured_media":0,"comment_status":"closed","ping_status":"closed","sticky":false,"template":"","format":"standard","meta":{"footnotes":""},"categories":[14],"tags":[32,26,29,31,58,85,82],"class_list":["post-667","post","type-post","status-publish","format-standard","hentry","category-neuere-geschichte","tag-1933-45","tag-20-jhdt","tag-holocaust","tag-ns","tag-polen","tag-umwandererzentralstelle","tag-zweiter-weltkrieg"],"_links":{"self":[{"href":"https:\/\/sauseschritt.net\/index.php?rest_route=\/wp\/v2\/posts\/667","targetHints":{"allow":["GET"]}}],"collection":[{"href":"https:\/\/sauseschritt.net\/index.php?rest_route=\/wp\/v2\/posts"}],"about":[{"href":"https:\/\/sauseschritt.net\/index.php?rest_route=\/wp\/v2\/types\/post"}],"author":[{"embeddable":true,"href":"https:\/\/sauseschritt.net\/index.php?rest_route=\/wp\/v2\/users\/2"}],"replies":[{"embeddable":true,"href":"https:\/\/sauseschritt.net\/index.php?rest_route=%2Fwp%2Fv2%2Fcomments&post=667"}],"version-history":[{"count":21,"href":"https:\/\/sauseschritt.net\/index.php?rest_route=\/wp\/v2\/posts\/667\/revisions"}],"predecessor-version":[{"id":1007,"href":"https:\/\/sauseschritt.net\/index.php?rest_route=\/wp\/v2\/posts\/667\/revisions\/1007"}],"wp:attachment":[{"href":"https:\/\/sauseschritt.net\/index.php?rest_route=%2Fwp%2Fv2%2Fmedia&parent=667"}],"wp:term":[{"taxonomy":"category","embeddable":true,"href":"https:\/\/sauseschritt.net\/index.php?rest_route=%2Fwp%2Fv2%2Fcategories&post=667"},{"taxonomy":"post_tag","embeddable":true,"href":"https:\/\/sauseschritt.net\/index.php?rest_route=%2Fwp%2Fv2%2Ftags&post=667"}],"curies":[{"name":"wp","href":"https:\/\/api.w.org\/{rel}","templated":true}]}}