{"id":862,"date":"2016-01-30T21:40:21","date_gmt":"2016-01-30T19:40:21","guid":{"rendered":"http:\/\/sauseschritt.net\/?p=862"},"modified":"2020-02-25T20:43:12","modified_gmt":"2020-02-25T18:43:12","slug":"ich-will-heute-wieder-ein-prophet-sein","status":"publish","type":"post","link":"https:\/\/sauseschritt.net\/?p=862","title":{"rendered":"\u201eIch will heute wieder ein Prophet sein\u201c"},"content":{"rendered":"<p style=\"text-align: left;\">Hitler \u201eprophezeite\u201c am 30. Januar 1939 vor dem versammelten Reichstag, dass ein m\u00f6glicher Weltkrieg \u201edie Vernichtung der j\u00fcdischen Rasse in Europa\u201c zur Folge h\u00e4tte.&nbsp;Diese \u201eProphezeiung\u201c lie\u00df Hitler fortan nicht mehr los. In den folgenden Jahren, in denen die \u201eEndl\u00f6sung der Judenfrage\u201c vorangetrieben wurde, kam er sowohl im \u00f6ffentlichen, als auch im halbprivaten Rahmen viele Male auf seine \u201eprophetische\u201c \u00c4u\u00dferung vom Januar 1939 zur\u00fcck.<\/p>\n<p>Es stellt&nbsp;sich die Frage, in&nbsp;welchem Ma\u00dfe&nbsp;diese \u201eProphezeiung\u201c und die damit zusammenh\u00e4ngende Intention Hitlers&nbsp;zur&nbsp;\u201ekumulativen Radikalisierung\u201c der von den Nationalsozialisten angestrebten L\u00f6sung der Judenfrage beigetragen hat.<\/p>\n<figure style=\"width: 616px\" class=\"wp-caption alignleft\"><a href=\"https:\/\/upload.wikimedia.org\/wikipedia\/commons\/c\/cf\/Bundesarchiv_Bild_183-2005-0623-500%2C_Berlin%2C_Reichstagssitzung%2C_Rede_Adolf_Hitler.jpg?uselang=de\" target=\"_blank\" rel=\"http:\/\/commons.wikimedia.org\/wiki\/File:Bundesarchiv_Bild_183-2005-0623-500,_Berlin,_Reichstagssitzung,_Rede_Adolf_Hitler.jpg?uselang=de noopener noreferrer\"><img loading=\"lazy\" decoding=\"async\" src=\"http:\/\/upload.wikimedia.org\/wikipedia\/commons\/c\/cf\/Bundesarchiv_Bild_183-2005-0623-500%2C_Berlin%2C_Reichstagssitzung%2C_Rede_Adolf_Hitler.jpg?uselang=de\" alt=\"Bundesarchiv, Bild 183-2005-0623-500 \/ CC-BY-SA\" width=\"616\" height=\"456\"><\/a><figcaption class=\"wp-caption-text\">Berlin, Reichstagssitzung 30.1.1939, Rede Adolf Hitler <br \/> Bundesarchiv, Bild 183-2005-0623-500 \/ CC-BY-SA<\/figcaption><\/figure>\n<p>&nbsp;<\/p>\n<p><em>Welche Wirkm\u00e4chtigkeit hatten Hitlers (sich selbst erf\u00fcllende?) &#8222;Prophezeiungen&#8220; im Hinblick auf den Holocaust:<br \/>\n<\/em><a href=\"https:\/\/sauseschritt.net\/wp-content\/uploads\/2014\/05\/HA_Peter_Rose_Ich_will_heute_wieder_ein_Prophet_sein.pdf\" target=\"_blank\" rel=\"noopener noreferrer\"><img loading=\"lazy\" decoding=\"async\" class=\"alignleft wp-image-272 size-full\" src=\"https:\/\/sauseschritt.net\/wp-content\/uploads\/2012\/07\/pdf_icon1.jpg\" alt=\"PDF Download\" width=\"50\" height=\"52\"><\/a><\/p>\n<p>&nbsp;<\/p>\n<p><a href=\"https:\/\/sauseschritt.net\/wp-content\/uploads\/2014\/05\/HA_Peter_Rose_Ich_will_heute_wieder_ein_Prophet_sein.pdf\" target=\"_blank\" rel=\"noopener noreferrer\">\u201eIch will heute wieder ein Prophet sein\u201c &#8211; Hitlers wiederholte Vernichtungsank\u00fcndigungen zwischen 1939 und 1942 als mentale Vorbereitung zum Holocaust<\/a><\/p>\n<p>(Download PDF, 257 kB)<\/p>\n","protected":false},"excerpt":{"rendered":"<p>Hitler \u201eprophezeite\u201c am 30. Januar 1939 vor dem versammelten Reichstag, dass ein m\u00f6glicher Weltkrieg \u201edie Vernichtung der j\u00fcdischen Rasse in Europa\u201c zur Folge h\u00e4tte.&nbsp;Diese \u201eProphezeiung\u201c lie\u00df Hitler fortan nicht mehr los. In den folgenden Jahren, in denen die \u201eEndl\u00f6sung der Judenfrage\u201c vorangetrieben wurde, kam er sowohl im \u00f6ffentlichen, als auch im halbprivaten Rahmen viele Male &hellip; <a href=\"https:\/\/sauseschritt.net\/?p=862\" class=\"more-link\"><span class=\"screen-reader-text\">\u201eIch will heute wieder ein Prophet sein\u201c<\/span> weiterlesen <span class=\"meta-nav\">&rarr;<\/span><\/a><\/p>\n","protected":false},"author":2,"featured_media":0,"comment_status":"closed","ping_status":"closed","sticky":false,"template":"","format":"standard","meta":{"footnotes":""},"categories":[14],"tags":[32,26,98,29,31,82],"class_list":["post-862","post","type-post","status-publish","format-standard","hentry","category-neuere-geschichte","tag-1933-45","tag-20-jhdt","tag-hitler","tag-holocaust","tag-ns","tag-zweiter-weltkrieg"],"_links":{"self":[{"href":"https:\/\/sauseschritt.net\/index.php?rest_route=\/wp\/v2\/posts\/862","targetHints":{"allow":["GET"]}}],"collection":[{"href":"https:\/\/sauseschritt.net\/index.php?rest_route=\/wp\/v2\/posts"}],"about":[{"href":"https:\/\/sauseschritt.net\/index.php?rest_route=\/wp\/v2\/types\/post"}],"author":[{"embeddable":true,"href":"https:\/\/sauseschritt.net\/index.php?rest_route=\/wp\/v2\/users\/2"}],"replies":[{"embeddable":true,"href":"https:\/\/sauseschritt.net\/index.php?rest_route=%2Fwp%2Fv2%2Fcomments&post=862"}],"version-history":[{"count":20,"href":"https:\/\/sauseschritt.net\/index.php?rest_route=\/wp\/v2\/posts\/862\/revisions"}],"predecessor-version":[{"id":1000,"href":"https:\/\/sauseschritt.net\/index.php?rest_route=\/wp\/v2\/posts\/862\/revisions\/1000"}],"wp:attachment":[{"href":"https:\/\/sauseschritt.net\/index.php?rest_route=%2Fwp%2Fv2%2Fmedia&parent=862"}],"wp:term":[{"taxonomy":"category","embeddable":true,"href":"https:\/\/sauseschritt.net\/index.php?rest_route=%2Fwp%2Fv2%2Fcategories&post=862"},{"taxonomy":"post_tag","embeddable":true,"href":"https:\/\/sauseschritt.net\/index.php?rest_route=%2Fwp%2Fv2%2Ftags&post=862"}],"curies":[{"name":"wp","href":"https:\/\/api.w.org\/{rel}","templated":true}]}}